{"id":3124,"date":"2023-08-01T12:19:29","date_gmt":"2023-08-01T10:19:29","guid":{"rendered":"https:\/\/www.arcadia-praxisklinik.de\/?p=3124"},"modified":"2023-08-01T12:19:29","modified_gmt":"2023-08-01T10:19:29","slug":"gemeinsam-gegen-krebs-die-beljanski-integrative-cancer-conference","status":"publish","type":"post","link":"https:\/\/www.arcadia-praxisklinik.de\/de\/arcadia-health-news\/gemeinsam-gegen-krebs-die-beljanski-integrative-cancer-conference\/","title":{"rendered":"Gemeinsam gegen Krebs: Die Beljanski Integrative Cancer Conference"},"content":{"rendered":"\n<div class=\"wp-block-group\"><div class=\"wp-block-group__inner-container is-layout-flow wp-block-group-is-layout-flow\">\n<h2 class=\"wp-block-heading\">Dr. Saupe auf der Integrative cancer conference<\/h2>\n\n\n\n<p>\u201cWinning the War on Cancer\u201d lautet das Ziel der Konferenz, die in diesem Jahr erstmals in Jacksonville, Florida stattfindet. Vom 13. bis zum 15. Oktober stellen internationale \u00c4rzte wie Dr. Henning Saupe, Krebsforscher und Spezialisten ihre neuesten Forschungsergebnisse zur erfolgreichen Behandlung und Pr\u00e4vention von Krebs vor.<\/p>\n\n\n\n<p><br>Nutzen Sie die Gelegenheit, von Experten zu lernen und unterst\u00fctzen Sie gleichzeitig die Krebsforschung. Der gesamte Erl\u00f6s der Veranstaltung wird f\u00fcr die Brustkrebs-Stammzellenforschung gespendet. Es erwarten Sie modernste L\u00f6sungen der Wissenschaft zur Bek\u00e4mpfung von Krebs, von bekannten \u00c4rzten und Menschen, die den Krebs besiegt haben. Erhalten Sie vorab erste Einblicke im kurzen Video mit dem weltbekannten Naturheilforscher und ganzheitlichen Krebscoach Nathan Crane.<\/p>\n<\/div><\/div>\n\n\n\n<div class=\"wp-block-group\"><div class=\"wp-block-group__inner-container is-layout-flow wp-block-group-is-layout-flow\">\n<figure class=\"wp-block-embed is-type-video is-provider-youtube wp-block-embed-youtube wp-embed-aspect-16-9 wp-has-aspect-ratio\"><div class=\"wp-block-embed__wrapper\">\n<iframe loading=\"lazy\" title=\"&quot;Winning the War on Cancer&quot; The Beljanski Integrative Cancer Conference Oct. 13-15, 2023\" width=\"960\" height=\"540\" src=\"https:\/\/www.youtube.com\/embed\/F1iXrHivINA?feature=oembed\" frameborder=\"0\" allow=\"accelerometer; autoplay; clipboard-write; encrypted-media; gyroscope; picture-in-picture; web-share\" allowfullscreen><\/iframe>\n<\/div><\/figure>\n<\/div><\/div>\n\n\n\n<div class=\"wp-block-group\"><div class=\"wp-block-group__inner-container is-layout-flow wp-block-group-is-layout-flow\">\n<p class=\"has-text-align-center\">Melden Sie sich jetzt an und erhalten Sie mit dem Code ICC1023SAUPEIhr Ticket 10% g\u00fcnstiger.<\/p>\n\n\n\n<div class=\"wp-block-buttons aligncenter is-layout-flex wp-block-buttons-is-layout-flex\">\n<div class=\"wp-block-button\"><a class=\"wp-block-button__link\" href=\"https:\/\/integrativecancerconference.com\/\">Mehr \u00fcber die Konferenz erfahren<\/a><\/div>\n<\/div>\n<\/div><\/div>\n\n\n\n<div class=\"wp-block-group\"><div class=\"wp-block-group__inner-container is-layout-flow wp-block-group-is-layout-flow\">\n<div class=\"wp-block-columns is-layout-flex wp-container-core-columns-is-layout-9d6595d7 wp-block-columns-is-layout-flex\">\n<div class=\"wp-block-column is-layout-flow wp-block-column-is-layout-flow\">\n<h2 class=\"wp-block-heading\">Arcadia Health News<\/h2>\n\n\n\n<p>Die Arcadia Health News informieren regelm\u00e4\u00dfig \u00fcber Neuigkeiten aus der alternativen Krebstherapie und aus unserer Praxisklinik. Melden Sie sich an und folgen Sie dem Arcadia &#8222;way to health&#8220;.<\/p>\n<\/div>\n\n\n\n<div class=\"wp-block-column is-layout-flow wp-block-column-is-layout-flow\">\n\t\t\t<form id=\"sib_signup_form_3\" method=\"post\" class=\"sib_signup_form\">\n\t\t\t\t<div class=\"sib_loader\" style=\"display:none;\"><img\n\t\t\t\t\t\t\tsrc=\"https:\/\/www.arcadia-praxisklinik.de\/wp-includes\/images\/spinner.gif\" alt=\"loader\"><\/div>\n\t\t\t\t<input type=\"hidden\" name=\"sib_form_action\" value=\"subscribe_form_submit\">\n\t\t\t\t<input type=\"hidden\" name=\"sib_form_id\" value=\"3\">\n                <input type=\"hidden\" name=\"sib_form_alert_notice\" value=\"Bitte f\u00fcllen Sie dieses Feld aus\">\n                <input type=\"hidden\" name=\"sib_form_invalid_email_notice\" value=\"Ihre E-Mail Adresse ist ung\u00fcltig\">\n                <input type=\"hidden\" name=\"sib_security\" value=\"d4f62ba9c2\">\n\t\t\t\t<div class=\"sib_signup_box_inside_3\">\n\t\t\t\t\t<div style=\"\/*display:none*\/\" class=\"sib_msg_disp\">\n\t\t\t\t\t<\/div>\n                    \t\t\t\t\t<p class=\"sib-email-area c-form-group\">\r\n    <label class=\"sib-email-area\">E-Mail-Adresse *<\/label>\r\n    <input type=\"email\" class=\"sib-email-area\" name=\"email\" required=\"required\">\r\n<\/p>\r\n<p class=\"sib-VORNAME-area c-form-group\"> \r\n    <label class=\"sib-VORNAME-area\">Vorname<\/label> \r\n    <input type=\"text\" class=\"sib-VORNAME-area\" name=\"VORNAME\"> \r\n<\/p>\r\n<p class=\"sib-NACHNAME-area c-form-group\"> \r\n    <label class=\"sib-NACHNAME-area\">Nachname<\/label> \r\n    <input type=\"text\" class=\"sib-NACHNAME-area\" name=\"NACHNAME\"> \r\n<\/p>\r\n<p>\r\n    <input type=\"submit\" class=\"sib-default-btn o-button mt-1\" value=\"Jetzt anmelden\">\r\n<\/p>\t\t\t\t<\/div>\n\t\t\t<\/form>\n\t\t\t<style>\n\t\t\t\tform#sib_signup_form_3 p.sib-alert-message {\n    padding: 6px 12px;\n    margin-bottom: 20px;\n    border: 1px solid transparent;\n    border-radius: 4px;\n    -webkit-box-sizing: border-box;\n    -moz-box-sizing: border-box;\n    box-sizing: border-box;\n}\nform#sib_signup_form_3 p.sib-alert-message-error {\n    background-color: #f2dede;\n    border-color: #ebccd1;\n    color: #a94442;\n}\nform#sib_signup_form_3 p.sib-alert-message-success {\n    background-color: #dff0d8;\n    border-color: #d6e9c6;\n    color: #3c763d;\n}\nform#sib_signup_form_3 p.sib-alert-message-warning {\n    background-color: #fcf8e3;\n    border-color: #faebcc;\n    color: #8a6d3b;\n}\n\t\t\t<\/style>\n\t\t\t\n<\/div>\n<\/div>\n<\/div><\/div>\n","protected":false},"excerpt":{"rendered":"<p>Vom 13. &#8211; 15. Oktober ist es wieder so weit: Die bekannte Beljanski Integrative Cancer Conference findet in diesem Jahr im sch\u00f6nen Jacksonville in Florida statt. In diesem Jahr wird der gesamte Erl\u00f6s der Brustkrebsforschung zugutekommen. Mit dabei: Dr. Henning Saupe, Gr\u00fcnder der Arcadia Praxisklinik.<\/p>\n","protected":false},"author":4,"featured_media":3120,"comment_status":"closed","ping_status":"closed","sticky":false,"template":"","format":"standard","meta":{"_acf_changed":false,"footnotes":""},"categories":[1],"tags":[],"class_list":["post-3124","post","type-post","status-publish","format-standard","has-post-thumbnail","hentry","category-arcadia-health-news"],"acf":[],"yoast_head":"<!-- This site is optimized with the Yoast SEO plugin v26.8 - https:\/\/yoast.com\/product\/yoast-seo-wordpress\/ -->\n<title>Gemeinsam gegen Krebs: Die Beljanski Integrative Cancer Conference - Arcadia Praxisklinik<\/title>\n<meta name=\"robots\" content=\"index, follow, max-snippet:-1, max-image-preview:large, max-video-preview:-1\" \/>\n<link rel=\"canonical\" href=\"https:\/\/www.arcadia-praxisklinik.de\/de\/arcadia-health-news\/gemeinsam-gegen-krebs-die-beljanski-integrative-cancer-conference\/\" \/>\n<meta property=\"og:locale\" content=\"de_DE\" \/>\n<meta property=\"og:type\" content=\"article\" \/>\n<meta property=\"og:title\" content=\"Gemeinsam gegen Krebs: Die Beljanski Integrative Cancer Conference - Arcadia Praxisklinik\" \/>\n<meta property=\"og:description\" content=\"Vom 13. - 15. Oktober ist es wieder so weit: Die bekannte Beljanski Integrative Cancer Conference findet in diesem Jahr im sch\u00f6nen Jacksonville in Florida statt. In diesem Jahr wird der gesamte Erl\u00f6s der Brustkrebsforschung zugutekommen. Mit dabei: Dr. Henning Saupe, Gr\u00fcnder der Arcadia Praxisklinik.\" \/>\n<meta property=\"og:url\" content=\"https:\/\/www.arcadia-praxisklinik.de\/de\/arcadia-health-news\/gemeinsam-gegen-krebs-die-beljanski-integrative-cancer-conference\/\" \/>\n<meta property=\"og:site_name\" content=\"Arcadia Praxisklinik\" \/>\n<meta property=\"article:published_time\" content=\"2023-08-01T10:19:29+00:00\" \/>\n<meta property=\"og:image\" content=\"https:\/\/www.arcadia-praxisklinik.de\/wp-content\/uploads\/2023\/07\/Design-ohne-Titel.jpg\" \/>\n\t<meta property=\"og:image:width\" content=\"768\" \/>\n\t<meta property=\"og:image:height\" content=\"432\" \/>\n\t<meta property=\"og:image:type\" content=\"image\/jpeg\" \/>\n<meta name=\"author\" content=\"sarah\" \/>\n<meta name=\"twitter:card\" content=\"summary_large_image\" \/>\n<script type=\"application\/ld+json\" class=\"yoast-schema-graph\">{\"@context\":\"https:\/\/schema.org\",\"@graph\":[{\"@type\":\"Article\",\"@id\":\"https:\/\/www.arcadia-praxisklinik.de\/de\/arcadia-health-news\/gemeinsam-gegen-krebs-die-beljanski-integrative-cancer-conference\/#article\",\"isPartOf\":{\"@id\":\"https:\/\/www.arcadia-praxisklinik.de\/de\/arcadia-health-news\/gemeinsam-gegen-krebs-die-beljanski-integrative-cancer-conference\/\"},\"author\":{\"name\":\"sarah\",\"@id\":\"https:\/\/www.arcadia-praxisklinik.de\/de\/#\/schema\/person\/ab9d73836a1ce88694328c342afa63cb\"},\"headline\":\"Gemeinsam gegen Krebs: Die Beljanski Integrative Cancer Conference\",\"datePublished\":\"2023-08-01T10:19:29+00:00\",\"mainEntityOfPage\":{\"@id\":\"https:\/\/www.arcadia-praxisklinik.de\/de\/arcadia-health-news\/gemeinsam-gegen-krebs-die-beljanski-integrative-cancer-conference\/\"},\"wordCount\":156,\"image\":{\"@id\":\"https:\/\/www.arcadia-praxisklinik.de\/de\/arcadia-health-news\/gemeinsam-gegen-krebs-die-beljanski-integrative-cancer-conference\/#primaryimage\"},\"thumbnailUrl\":\"https:\/\/www.arcadia-praxisklinik.de\/wp-content\/uploads\/2023\/07\/Design-ohne-Titel.jpg\",\"articleSection\":[\"Health News\"],\"inLanguage\":\"de\"},{\"@type\":\"WebPage\",\"@id\":\"https:\/\/www.arcadia-praxisklinik.de\/de\/arcadia-health-news\/gemeinsam-gegen-krebs-die-beljanski-integrative-cancer-conference\/\",\"url\":\"https:\/\/www.arcadia-praxisklinik.de\/de\/arcadia-health-news\/gemeinsam-gegen-krebs-die-beljanski-integrative-cancer-conference\/\",\"name\":\"Gemeinsam gegen Krebs: Die Beljanski Integrative Cancer Conference - Arcadia Praxisklinik\",\"isPartOf\":{\"@id\":\"https:\/\/www.arcadia-praxisklinik.de\/de\/#website\"},\"primaryImageOfPage\":{\"@id\":\"https:\/\/www.arcadia-praxisklinik.de\/de\/arcadia-health-news\/gemeinsam-gegen-krebs-die-beljanski-integrative-cancer-conference\/#primaryimage\"},\"image\":{\"@id\":\"https:\/\/www.arcadia-praxisklinik.de\/de\/arcadia-health-news\/gemeinsam-gegen-krebs-die-beljanski-integrative-cancer-conference\/#primaryimage\"},\"thumbnailUrl\":\"https:\/\/www.arcadia-praxisklinik.de\/wp-content\/uploads\/2023\/07\/Design-ohne-Titel.jpg\",\"datePublished\":\"2023-08-01T10:19:29+00:00\",\"author\":{\"@id\":\"https:\/\/www.arcadia-praxisklinik.de\/de\/#\/schema\/person\/ab9d73836a1ce88694328c342afa63cb\"},\"breadcrumb\":{\"@id\":\"https:\/\/www.arcadia-praxisklinik.de\/de\/arcadia-health-news\/gemeinsam-gegen-krebs-die-beljanski-integrative-cancer-conference\/#breadcrumb\"},\"inLanguage\":\"de\",\"potentialAction\":[{\"@type\":\"ReadAction\",\"target\":[\"https:\/\/www.arcadia-praxisklinik.de\/de\/arcadia-health-news\/gemeinsam-gegen-krebs-die-beljanski-integrative-cancer-conference\/\"]}]},{\"@type\":\"ImageObject\",\"inLanguage\":\"de\",\"@id\":\"https:\/\/www.arcadia-praxisklinik.de\/de\/arcadia-health-news\/gemeinsam-gegen-krebs-die-beljanski-integrative-cancer-conference\/#primaryimage\",\"url\":\"https:\/\/www.arcadia-praxisklinik.de\/wp-content\/uploads\/2023\/07\/Design-ohne-Titel.jpg\",\"contentUrl\":\"https:\/\/www.arcadia-praxisklinik.de\/wp-content\/uploads\/2023\/07\/Design-ohne-Titel.jpg\",\"width\":768,\"height\":432},{\"@type\":\"BreadcrumbList\",\"@id\":\"https:\/\/www.arcadia-praxisklinik.de\/de\/arcadia-health-news\/gemeinsam-gegen-krebs-die-beljanski-integrative-cancer-conference\/#breadcrumb\",\"itemListElement\":[{\"@type\":\"ListItem\",\"position\":1,\"name\":\"Startseite\",\"item\":\"https:\/\/www.arcadia-praxisklinik.de\/de\/\"},{\"@type\":\"ListItem\",\"position\":2,\"name\":\"Gemeinsam gegen Krebs: Die Beljanski Integrative Cancer Conference\"}]},{\"@type\":\"WebSite\",\"@id\":\"https:\/\/www.arcadia-praxisklinik.de\/de\/#website\",\"url\":\"https:\/\/www.arcadia-praxisklinik.de\/de\/\",\"name\":\"Arcadia Praxisklinik\",\"description\":\"Zentrum f\u00fcr integrative Medizin und Krebstherapie in Bad Emstal\",\"potentialAction\":[{\"@type\":\"SearchAction\",\"target\":{\"@type\":\"EntryPoint\",\"urlTemplate\":\"https:\/\/www.arcadia-praxisklinik.de\/de\/?s={search_term_string}\"},\"query-input\":{\"@type\":\"PropertyValueSpecification\",\"valueRequired\":true,\"valueName\":\"search_term_string\"}}],\"inLanguage\":\"de\"},{\"@type\":\"Person\",\"@id\":\"https:\/\/www.arcadia-praxisklinik.de\/de\/#\/schema\/person\/ab9d73836a1ce88694328c342afa63cb\",\"name\":\"sarah\",\"image\":{\"@type\":\"ImageObject\",\"inLanguage\":\"de\",\"@id\":\"https:\/\/www.arcadia-praxisklinik.de\/de\/#\/schema\/person\/image\/\",\"url\":\"https:\/\/secure.gravatar.com\/avatar\/adc261faef3da6dd2f8f1ba2cbc659bfa60d471147329cfd31e393260c9c8cf8?s=96&d=mm&r=g\",\"contentUrl\":\"https:\/\/secure.gravatar.com\/avatar\/adc261faef3da6dd2f8f1ba2cbc659bfa60d471147329cfd31e393260c9c8cf8?s=96&d=mm&r=g\",\"caption\":\"sarah\"}}]}<\/script>\n<!-- \/ Yoast SEO plugin. -->","yoast_head_json":{"title":"Gemeinsam gegen Krebs: Die Beljanski Integrative Cancer Conference - Arcadia Praxisklinik","robots":{"index":"index","follow":"follow","max-snippet":"max-snippet:-1","max-image-preview":"max-image-preview:large","max-video-preview":"max-video-preview:-1"},"canonical":"https:\/\/www.arcadia-praxisklinik.de\/de\/arcadia-health-news\/gemeinsam-gegen-krebs-die-beljanski-integrative-cancer-conference\/","og_locale":"de_DE","og_type":"article","og_title":"Gemeinsam gegen Krebs: Die Beljanski Integrative Cancer Conference - Arcadia Praxisklinik","og_description":"Vom 13. - 15. Oktober ist es wieder so weit: Die bekannte Beljanski Integrative Cancer Conference findet in diesem Jahr im sch\u00f6nen Jacksonville in Florida statt. In diesem Jahr wird der gesamte Erl\u00f6s der Brustkrebsforschung zugutekommen. Mit dabei: Dr. Henning Saupe, Gr\u00fcnder der Arcadia Praxisklinik.","og_url":"https:\/\/www.arcadia-praxisklinik.de\/de\/arcadia-health-news\/gemeinsam-gegen-krebs-die-beljanski-integrative-cancer-conference\/","og_site_name":"Arcadia Praxisklinik","article_published_time":"2023-08-01T10:19:29+00:00","og_image":[{"width":768,"height":432,"url":"https:\/\/www.arcadia-praxisklinik.de\/wp-content\/uploads\/2023\/07\/Design-ohne-Titel.jpg","type":"image\/jpeg"}],"author":"sarah","twitter_card":"summary_large_image","schema":{"@context":"https:\/\/schema.org","@graph":[{"@type":"Article","@id":"https:\/\/www.arcadia-praxisklinik.de\/de\/arcadia-health-news\/gemeinsam-gegen-krebs-die-beljanski-integrative-cancer-conference\/#article","isPartOf":{"@id":"https:\/\/www.arcadia-praxisklinik.de\/de\/arcadia-health-news\/gemeinsam-gegen-krebs-die-beljanski-integrative-cancer-conference\/"},"author":{"name":"sarah","@id":"https:\/\/www.arcadia-praxisklinik.de\/de\/#\/schema\/person\/ab9d73836a1ce88694328c342afa63cb"},"headline":"Gemeinsam gegen Krebs: Die Beljanski Integrative Cancer Conference","datePublished":"2023-08-01T10:19:29+00:00","mainEntityOfPage":{"@id":"https:\/\/www.arcadia-praxisklinik.de\/de\/arcadia-health-news\/gemeinsam-gegen-krebs-die-beljanski-integrative-cancer-conference\/"},"wordCount":156,"image":{"@id":"https:\/\/www.arcadia-praxisklinik.de\/de\/arcadia-health-news\/gemeinsam-gegen-krebs-die-beljanski-integrative-cancer-conference\/#primaryimage"},"thumbnailUrl":"https:\/\/www.arcadia-praxisklinik.de\/wp-content\/uploads\/2023\/07\/Design-ohne-Titel.jpg","articleSection":["Health News"],"inLanguage":"de"},{"@type":"WebPage","@id":"https:\/\/www.arcadia-praxisklinik.de\/de\/arcadia-health-news\/gemeinsam-gegen-krebs-die-beljanski-integrative-cancer-conference\/","url":"https:\/\/www.arcadia-praxisklinik.de\/de\/arcadia-health-news\/gemeinsam-gegen-krebs-die-beljanski-integrative-cancer-conference\/","name":"Gemeinsam gegen Krebs: Die Beljanski Integrative Cancer Conference - Arcadia Praxisklinik","isPartOf":{"@id":"https:\/\/www.arcadia-praxisklinik.de\/de\/#website"},"primaryImageOfPage":{"@id":"https:\/\/www.arcadia-praxisklinik.de\/de\/arcadia-health-news\/gemeinsam-gegen-krebs-die-beljanski-integrative-cancer-conference\/#primaryimage"},"image":{"@id":"https:\/\/www.arcadia-praxisklinik.de\/de\/arcadia-health-news\/gemeinsam-gegen-krebs-die-beljanski-integrative-cancer-conference\/#primaryimage"},"thumbnailUrl":"https:\/\/www.arcadia-praxisklinik.de\/wp-content\/uploads\/2023\/07\/Design-ohne-Titel.jpg","datePublished":"2023-08-01T10:19:29+00:00","author":{"@id":"https:\/\/www.arcadia-praxisklinik.de\/de\/#\/schema\/person\/ab9d73836a1ce88694328c342afa63cb"},"breadcrumb":{"@id":"https:\/\/www.arcadia-praxisklinik.de\/de\/arcadia-health-news\/gemeinsam-gegen-krebs-die-beljanski-integrative-cancer-conference\/#breadcrumb"},"inLanguage":"de","potentialAction":[{"@type":"ReadAction","target":["https:\/\/www.arcadia-praxisklinik.de\/de\/arcadia-health-news\/gemeinsam-gegen-krebs-die-beljanski-integrative-cancer-conference\/"]}]},{"@type":"ImageObject","inLanguage":"de","@id":"https:\/\/www.arcadia-praxisklinik.de\/de\/arcadia-health-news\/gemeinsam-gegen-krebs-die-beljanski-integrative-cancer-conference\/#primaryimage","url":"https:\/\/www.arcadia-praxisklinik.de\/wp-content\/uploads\/2023\/07\/Design-ohne-Titel.jpg","contentUrl":"https:\/\/www.arcadia-praxisklinik.de\/wp-content\/uploads\/2023\/07\/Design-ohne-Titel.jpg","width":768,"height":432},{"@type":"BreadcrumbList","@id":"https:\/\/www.arcadia-praxisklinik.de\/de\/arcadia-health-news\/gemeinsam-gegen-krebs-die-beljanski-integrative-cancer-conference\/#breadcrumb","itemListElement":[{"@type":"ListItem","position":1,"name":"Startseite","item":"https:\/\/www.arcadia-praxisklinik.de\/de\/"},{"@type":"ListItem","position":2,"name":"Gemeinsam gegen Krebs: Die Beljanski Integrative Cancer Conference"}]},{"@type":"WebSite","@id":"https:\/\/www.arcadia-praxisklinik.de\/de\/#website","url":"https:\/\/www.arcadia-praxisklinik.de\/de\/","name":"Arcadia Praxisklinik","description":"Zentrum f\u00fcr integrative Medizin und Krebstherapie in Bad Emstal","potentialAction":[{"@type":"SearchAction","target":{"@type":"EntryPoint","urlTemplate":"https:\/\/www.arcadia-praxisklinik.de\/de\/?s={search_term_string}"},"query-input":{"@type":"PropertyValueSpecification","valueRequired":true,"valueName":"search_term_string"}}],"inLanguage":"de"},{"@type":"Person","@id":"https:\/\/www.arcadia-praxisklinik.de\/de\/#\/schema\/person\/ab9d73836a1ce88694328c342afa63cb","name":"sarah","image":{"@type":"ImageObject","inLanguage":"de","@id":"https:\/\/www.arcadia-praxisklinik.de\/de\/#\/schema\/person\/image\/","url":"https:\/\/secure.gravatar.com\/avatar\/adc261faef3da6dd2f8f1ba2cbc659bfa60d471147329cfd31e393260c9c8cf8?s=96&d=mm&r=g","contentUrl":"https:\/\/secure.gravatar.com\/avatar\/adc261faef3da6dd2f8f1ba2cbc659bfa60d471147329cfd31e393260c9c8cf8?s=96&d=mm&r=g","caption":"sarah"}}]}},"_links":{"self":[{"href":"https:\/\/www.arcadia-praxisklinik.de\/de\/wp-json\/wp\/v2\/posts\/3124","targetHints":{"allow":["GET"]}}],"collection":[{"href":"https:\/\/www.arcadia-praxisklinik.de\/de\/wp-json\/wp\/v2\/posts"}],"about":[{"href":"https:\/\/www.arcadia-praxisklinik.de\/de\/wp-json\/wp\/v2\/types\/post"}],"author":[{"embeddable":true,"href":"https:\/\/www.arcadia-praxisklinik.de\/de\/wp-json\/wp\/v2\/users\/4"}],"replies":[{"embeddable":true,"href":"https:\/\/www.arcadia-praxisklinik.de\/de\/wp-json\/wp\/v2\/comments?post=3124"}],"version-history":[{"count":5,"href":"https:\/\/www.arcadia-praxisklinik.de\/de\/wp-json\/wp\/v2\/posts\/3124\/revisions"}],"predecessor-version":[{"id":3132,"href":"https:\/\/www.arcadia-praxisklinik.de\/de\/wp-json\/wp\/v2\/posts\/3124\/revisions\/3132"}],"wp:featuredmedia":[{"embeddable":true,"href":"https:\/\/www.arcadia-praxisklinik.de\/de\/wp-json\/wp\/v2\/media\/3120"}],"wp:attachment":[{"href":"https:\/\/www.arcadia-praxisklinik.de\/de\/wp-json\/wp\/v2\/media?parent=3124"}],"wp:term":[{"taxonomy":"category","embeddable":true,"href":"https:\/\/www.arcadia-praxisklinik.de\/de\/wp-json\/wp\/v2\/categories?post=3124"},{"taxonomy":"post_tag","embeddable":true,"href":"https:\/\/www.arcadia-praxisklinik.de\/de\/wp-json\/wp\/v2\/tags?post=3124"}],"curies":[{"name":"wp","href":"https:\/\/api.w.org\/{rel}","templated":true}]}}